{"id":200,"date":"2023-05-24T13:05:53","date_gmt":"2023-05-24T11:05:53","guid":{"rendered":"https:\/\/user5.gesem.es\/blog\/?p=200"},"modified":"2023-05-31T11:25:44","modified_gmt":"2023-05-31T09:25:44","slug":"biografia","status":"publish","type":"post","link":"https:\/\/user5.gesem.es\/blog\/2023\/05\/24\/biografia\/","title":{"rendered":"BIOGRAF\u00cdA"},"content":{"rendered":"\n<p class=\"wp-block-paragraph\"><strong> Diari d&#8217; Anne Frank<\/strong><a rel=\"noreferrer noopener\" href=\"https:\/\/www.amazon.es\/dp\/8401027276?linkCode=ogi&amp;tag=ellespain-21&amp;ascsubtag=%5Bartid%7C1959.g.38262289%5Bsrc%7Cwww.elle.com%5Bch%7C%5Blt%7C%5Bpid%7Cc43c2aef-9da4-4c70-a35d-21ab7a2a3b7c\" target=\"_blank\"><\/a><\/p>\n\n\n\n<figure class=\"wp-block-image is-resized\"><a href=\"https:\/\/www.amazon.es\/dp\/8401027276?linkCode=ogi&amp;tag=ellespain-21&amp;ascsubtag=%5Bartid%7C1959.g.38262289%5Bsrc%7Cwww.elle.com%5Bch%7C%5Blt%7C%5Bpid%7Cc43c2aef-9da4-4c70-a35d-21ab7a2a3b7c\" target=\"_blank\" rel=\"noreferrer noopener\"><img loading=\"lazy\" decoding=\"async\" src=\"https:\/\/hips.hearstapps.com\/vader-prod.s3.amazonaws.com\/1661499492-71dwci94ips-1661499465.jpg?crop=1.00xw:0.984xh;0,0.0160xh&amp;resize=980:*\" alt=\"Diario de Anne Frank\" width=\"258\" height=\"388\" title=\"Diario de Anne Frank\"\/><\/a><\/figure>\n\n\n\n<p class=\"wp-block-paragraph\"><\/p>\n\n\n\n<p class=\"wp-block-paragraph\">Poca cosa per escriure sobre el famoso diari d&#8217;Anne Frank. La petita nena jueva que, a trav\u00e9s del seu diari \u00edntim, va deixar per a la posteritat un relat \u00fanic sobre la barb\u00e0rie nazi. Amagada a &#8216;La Casa d&#8217;Enrere&#8217;, l&#8217;Anna no nom\u00e9s ens fa part\u00edcips de les pen\u00faries de la seva fam\u00edlia i de la por de ser descoberts, sin\u00f3 que a les mem\u00f2ries veiem tamb\u00e9 els pensaments d&#8217;una preadolescent amb les preocupacions pr\u00f2pies de la seva edat.<\/p>\n","protected":false},"excerpt":{"rendered":"<p>Diari d&#8217; Anne Frank Poca cosa per escriure sobre el famoso diari d&#8217;Anne Frank. La petita nena jueva que, a trav\u00e9s del seu diari \u00edntim, va deixar per a la posteritat un relat \u00fanic sobre la barb\u00e0rie nazi. Amagada a &#8216;La Casa d&#8217;Enrere&#8217;, l&#8217;Anna no nom\u00e9s ens fa part\u00edcips de les pen\u00faries de la seva [&hellip;]<\/p>\n","protected":false},"author":1,"featured_media":0,"comment_status":"open","ping_status":"open","sticky":false,"template":"","format":"standard","meta":{"footnotes":""},"categories":[1],"tags":[],"class_list":["post-200","post","type-post","status-publish","format-standard","hentry","category-lectura","post-preview"],"_links":{"self":[{"href":"https:\/\/user5.gesem.es\/blog\/wp-json\/wp\/v2\/posts\/200","targetHints":{"allow":["GET"]}}],"collection":[{"href":"https:\/\/user5.gesem.es\/blog\/wp-json\/wp\/v2\/posts"}],"about":[{"href":"https:\/\/user5.gesem.es\/blog\/wp-json\/wp\/v2\/types\/post"}],"author":[{"embeddable":true,"href":"https:\/\/user5.gesem.es\/blog\/wp-json\/wp\/v2\/users\/1"}],"replies":[{"embeddable":true,"href":"https:\/\/user5.gesem.es\/blog\/wp-json\/wp\/v2\/comments?post=200"}],"version-history":[{"count":6,"href":"https:\/\/user5.gesem.es\/blog\/wp-json\/wp\/v2\/posts\/200\/revisions"}],"predecessor-version":[{"id":304,"href":"https:\/\/user5.gesem.es\/blog\/wp-json\/wp\/v2\/posts\/200\/revisions\/304"}],"wp:attachment":[{"href":"https:\/\/user5.gesem.es\/blog\/wp-json\/wp\/v2\/media?parent=200"}],"wp:term":[{"taxonomy":"category","embeddable":true,"href":"https:\/\/user5.gesem.es\/blog\/wp-json\/wp\/v2\/categories?post=200"},{"taxonomy":"post_tag","embeddable":true,"href":"https:\/\/user5.gesem.es\/blog\/wp-json\/wp\/v2\/tags?post=200"}],"curies":[{"name":"wp","href":"https:\/\/api.w.org\/{rel}","templated":true}]}}