{"id":32,"date":"2023-05-10T12:51:00","date_gmt":"2023-05-10T10:51:00","guid":{"rendered":"https:\/\/user5.gesem.es\/blog\/?p=32"},"modified":"2023-05-24T19:30:18","modified_gmt":"2023-05-24T17:30:18","slug":"classics","status":"publish","type":"post","link":"https:\/\/user5.gesem.es\/blog\/2023\/05\/10\/classics\/","title":{"rendered":"CL\u00c0SSICS"},"content":{"rendered":"\n<h1 class=\"wp-block-heading\">El guardi\u00e1n entre el centeno<\/h1>\n\n\n\n<h1 class=\"wp-block-heading\">J. D. Salinger<\/h1>\n\n\n\n<figure class=\"wp-block-image\"><img decoding=\"async\" src=\"https:\/\/www.resumenlibro.com\/img\/libros\/el-guardian-entre-el-centeno-1.jpg\" alt=\"El guardi\u00e1n entre el centeno\"\/><\/figure>\n\n\n\n<figure class=\"wp-block-table\"><table><tbody><tr><td><strong>T\u00edtulo:<\/strong>&nbsp;El guardi\u00e1n entre el centeno<\/td><\/tr><tr><td><strong>Autor:<\/strong>&nbsp;<a href=\"https:\/\/www.resumenlibro.com\/J.-D.-Salinger\">J. D. Salinger<\/a><\/td><\/tr><tr><td><strong>G\u00e9nero:<\/strong>&nbsp;<a href=\"https:\/\/www.resumenlibro.com\/Novela\">Novela<\/a><\/td><\/tr><tr><td><strong>Subg\u00e9nero:<\/strong>&nbsp;Literatura juvenil, Novela de aprendizaje, Primera persona<\/td><\/tr><tr><td><strong>A\u00f1o de publicaci\u00f3n:<\/strong>&nbsp;1951<\/td><\/tr><tr><td><a><\/a><a><\/a><a><\/a><a><\/a><a><\/a><a><\/a><\/td><\/tr><\/tbody><\/table><\/figure>\n\n\n\n<h2 class=\"wp-block-heading\">Resumen de El guardi\u00e1n entre el centeno, de J. D. Salinger<\/h2>\n\n\n\n<p class=\"wp-block-paragraph\">En 1951&nbsp;<strong>J.D. Salinger<\/strong>&nbsp;public\u00f3 el que se convertir\u00eda en el libro favorito de millones de personas. Inicialmente publicado de forma serial entre 1945 y 1946,&nbsp;<strong><em>El guardi\u00e1n entre el centeno<\/em><\/strong>&nbsp;caus\u00f3 mucha controversia en Estados Unidos cuando vio la luz por su lenguaje provocador y por tratar sin tapujos la rebeld\u00eda, la sexualidad y la ansiedad adolescente.<\/p>\n\n\n\n<p class=\"wp-block-paragraph\"><strong>Holden Calfield<\/strong>, ahora icono de la rebeld\u00eda adolescente, nos cuenta a sus 16 a\u00f1os c\u00f3mo ve el mundo a trav\u00e9s de sus ojos privilegiados, ya que ha nacido en el seno de la \u00e9lite. Cuestionando el valor de la sociedad y su estructura, su figura nos acompa\u00f1ar\u00e1 en una peque\u00f1a aventura que comienza cuando es expulsado de su colegio.<\/p>\n","protected":false},"excerpt":{"rendered":"<p>El guardi\u00e1n entre el centeno J. D. Salinger T\u00edtulo:&nbsp;El guardi\u00e1n entre el centeno Autor:&nbsp;J. D. Salinger G\u00e9nero:&nbsp;Novela Subg\u00e9nero:&nbsp;Literatura juvenil, Novela de aprendizaje, Primera persona A\u00f1o de publicaci\u00f3n:&nbsp;1951 Resumen de El guardi\u00e1n entre el centeno, de J. D. Salinger En 1951&nbsp;J.D. Salinger&nbsp;public\u00f3 el que se convertir\u00eda en el libro favorito de millones de personas. Inicialmente publicado [&hellip;]<\/p>\n","protected":false},"author":1,"featured_media":0,"comment_status":"open","ping_status":"open","sticky":false,"template":"","format":"standard","meta":{"footnotes":""},"categories":[1],"tags":[],"class_list":["post-32","post","type-post","status-publish","format-standard","hentry","category-lectura","post-preview"],"_links":{"self":[{"href":"https:\/\/user5.gesem.es\/blog\/wp-json\/wp\/v2\/posts\/32","targetHints":{"allow":["GET"]}}],"collection":[{"href":"https:\/\/user5.gesem.es\/blog\/wp-json\/wp\/v2\/posts"}],"about":[{"href":"https:\/\/user5.gesem.es\/blog\/wp-json\/wp\/v2\/types\/post"}],"author":[{"embeddable":true,"href":"https:\/\/user5.gesem.es\/blog\/wp-json\/wp\/v2\/users\/1"}],"replies":[{"embeddable":true,"href":"https:\/\/user5.gesem.es\/blog\/wp-json\/wp\/v2\/comments?post=32"}],"version-history":[{"count":4,"href":"https:\/\/user5.gesem.es\/blog\/wp-json\/wp\/v2\/posts\/32\/revisions"}],"predecessor-version":[{"id":221,"href":"https:\/\/user5.gesem.es\/blog\/wp-json\/wp\/v2\/posts\/32\/revisions\/221"}],"wp:attachment":[{"href":"https:\/\/user5.gesem.es\/blog\/wp-json\/wp\/v2\/media?parent=32"}],"wp:term":[{"taxonomy":"category","embeddable":true,"href":"https:\/\/user5.gesem.es\/blog\/wp-json\/wp\/v2\/categories?post=32"},{"taxonomy":"post_tag","embeddable":true,"href":"https:\/\/user5.gesem.es\/blog\/wp-json\/wp\/v2\/tags?post=32"}],"curies":[{"name":"wp","href":"https:\/\/api.w.org\/{rel}","templated":true}]}}