{"id":35,"date":"2023-05-10T12:51:00","date_gmt":"2023-05-10T10:51:00","guid":{"rendered":"https:\/\/user5.gesem.es\/blog\/?p=35"},"modified":"2023-05-31T11:23:05","modified_gmt":"2023-05-31T09:23:05","slug":"novela","status":"publish","type":"post","link":"https:\/\/user5.gesem.es\/blog\/2023\/05\/10\/novela\/","title":{"rendered":"NOVELA ROM\u00c1NTICA"},"content":{"rendered":"\n<h1 class=\"wp-block-heading\">Gertrudis<\/h1>\n\n\n\n<p class=\"wp-block-paragraph\"><strong><a href=\"https:\/\/www.lecturalia.com\/autor\/3\/hermann-hesse\">Hermann Hesse<\/a><\/strong><\/p>\n\n\n\n<figure class=\"wp-block-image is-resized\"><img loading=\"lazy\" decoding=\"async\" src=\"https:\/\/imag.lecturalia.com\/img\/libro\/gertrudis-134.jpg\" alt=\"Gertrudis\" width=\"167\" height=\"266\"\/><\/figure>\n\n\n\n<p class=\"wp-block-paragraph\"><strong>Editorial:<\/strong><a href=\"https:\/\/www.lecturalia.com\/editoriales\/14\/espasa-calpe\">Espasa<\/a><\/p>\n\n\n\n<p class=\"wp-block-paragraph\"><strong>Any publicaci\u00f3: <\/strong><a href=\"https:\/\/www.lecturalia.com\/libros-opt\/ap\/publicados\/1910\">1910<\/a><\/p>\n\n\n\n<p class=\"wp-block-paragraph\"><strong>Temas:<\/strong><a href=\"https:\/\/www.lecturalia.com\/libros-tema\/55\/narrativa\"> <\/a><a href=\"https:\/\/www.lecturalia.com\/libros-tema\/55\/narrativa\">Narrativa<\/a><\/p>\n\n\n\n<p class=\"wp-block-paragraph\"><\/p>\n\n\n\n<h2 class=\"wp-block-heading\" id=\"ProfileBiography\">Resum <\/h2>\n\n\n\n<p class=\"wp-block-paragraph\">Hi ha a Gertrudis molt d&#8217;autobiogr\u00e0fic de Hesse i dins de l&#8217;esquem\u00e0tic text, afloren en contraposici\u00f3, instants po\u00e8tics seguits de pensaments ombr\u00edvols. Com en el personatge central de Gertrudis, Khun, el compositor, esmenta, amb sorpresa i horror el trist i absurd d&#8217;una vida confusa on \u201c\u2026la gent que t\u00e9 les millors intencions entre si han d&#8217;atacar el seu dest\u00ed per separat, cadascun seguint el seu cam\u00ed de forma inexplicable, i com cadasc\u00fa anhelaria vincular-se m\u00e9s estretament amb l&#8217;altre\u2026\u201d Els personals de Gertrudis recorren, com en les millors trag\u00e8dies, el cam\u00ed de l&#8217;amor sense esperan\u00e7a amb una intensitat m\u00edstica que pot desembocar en crisis religioses , morals i art\u00edstiques.<\/p>\n","protected":false},"excerpt":{"rendered":"<p>Gertrudis Hermann Hesse Editorial:Espasa Any publicaci\u00f3: 1910 Temas: Narrativa Resum Hi ha a Gertrudis molt d&#8217;autobiogr\u00e0fic de Hesse i dins de l&#8217;esquem\u00e0tic text, afloren en contraposici\u00f3, instants po\u00e8tics seguits de pensaments ombr\u00edvols. Com en el personatge central de Gertrudis, Khun, el compositor, esmenta, amb sorpresa i horror el trist i absurd d&#8217;una vida confusa on [&hellip;]<\/p>\n","protected":false},"author":1,"featured_media":0,"comment_status":"open","ping_status":"open","sticky":false,"template":"","format":"standard","meta":{"footnotes":""},"categories":[1],"tags":[],"class_list":["post-35","post","type-post","status-publish","format-standard","hentry","category-lectura","post-preview"],"_links":{"self":[{"href":"https:\/\/user5.gesem.es\/blog\/wp-json\/wp\/v2\/posts\/35","targetHints":{"allow":["GET"]}}],"collection":[{"href":"https:\/\/user5.gesem.es\/blog\/wp-json\/wp\/v2\/posts"}],"about":[{"href":"https:\/\/user5.gesem.es\/blog\/wp-json\/wp\/v2\/types\/post"}],"author":[{"embeddable":true,"href":"https:\/\/user5.gesem.es\/blog\/wp-json\/wp\/v2\/users\/1"}],"replies":[{"embeddable":true,"href":"https:\/\/user5.gesem.es\/blog\/wp-json\/wp\/v2\/comments?post=35"}],"version-history":[{"count":7,"href":"https:\/\/user5.gesem.es\/blog\/wp-json\/wp\/v2\/posts\/35\/revisions"}],"predecessor-version":[{"id":301,"href":"https:\/\/user5.gesem.es\/blog\/wp-json\/wp\/v2\/posts\/35\/revisions\/301"}],"wp:attachment":[{"href":"https:\/\/user5.gesem.es\/blog\/wp-json\/wp\/v2\/media?parent=35"}],"wp:term":[{"taxonomy":"category","embeddable":true,"href":"https:\/\/user5.gesem.es\/blog\/wp-json\/wp\/v2\/categories?post=35"},{"taxonomy":"post_tag","embeddable":true,"href":"https:\/\/user5.gesem.es\/blog\/wp-json\/wp\/v2\/tags?post=35"}],"curies":[{"name":"wp","href":"https:\/\/api.w.org\/{rel}","templated":true}]}}